{"id":1268,"date":"2024-09-03T05:31:05","date_gmt":"2024-09-03T00:01:05","guid":{"rendered":"https:\/\/ainews.prativad.com\/index.php\/us-marines-attacked-by-mob-in-turkiye-video\/"},"modified":"2024-09-03T05:31:05","modified_gmt":"2024-09-03T00:01:05","slug":"us-marines-attacked-by-mob-in-turkiye-video","status":"publish","type":"post","link":"https:\/\/ainews.prativad.com\/index.php\/us-marines-attacked-by-mob-in-turkiye-video\/","title":{"rendered":"US Marines attacked by mob in T\u00fcrkiye (VIDEO)"},"content":{"rendered":"<div style=\"margin-top: 0px; margin-bottom: 0px;\" class=\"sharethis-inline-share-buttons\" ><\/div><p><strong>The group behind the incident said American troops have \u201cPalestinian blood\u201d on their hands<\/strong><\/p>\n<p>Members of a nationalist youth organization have attacked two US Marines in the Turkish city of Izmir on Monday. The service members disembarked from the amphibious assault ship USS Wasp, which arrived earlier that day during its deployment in the Mediterranean Sea.\u00a0\u00a0<\/p>\n<p>A video of the altercation shows a group of men holding down a plain-clothed Marine, with one of the assailants putting a white sack over his head. The mob reportedly yelled <em>\u201cYankee, go home!\u201d<\/em> when attacking the\u00a0servicemen.\u00a0<\/p>\n<p>According to the Izmir governor\u2019s office, security forces <em>\u201cquickly intervened in the incident,\u201d<\/em> detaining 15 suspects.\u00a0<\/p>\n<p><em>\u201cThe two Marines were aided by other Marines in the area and were subsequently taken to a local hospital for evaluation as a precaution but were not injured and have returned to the USS Wasp,\u201d<\/em> said Commander Timothy Gorman, a spokesman for US Naval Forces Europe-Africa.\u00a0<\/p>\n<p>The US Embassy released a statement, saying that Americans\u00a0<em>\u201care now safe.\u201d<\/em> The diplomats thanked the Turkish authorities for <em>\u201ctheir rapid response and ongoing investigation.\u201d<\/em><\/p>\n\n<p>T\u00fcrkiye Gen\u00e7lik Birli\u011fi, izmir Liman\u0131\u2019na demirlenen ABD sava\u015f gemisi Uss Wasp\u2019ta g\u00f6revli ABD askerine \u00e7uval ge\u00e7irdi.<\/p>\n<p>Bedeli ne olursa olsun y\u0131llar sonra intikam\u0131m\u0131z\u0131 ald\u0131\u011f\u0131n\u0131z i\u00e7in \u015fahs\u0131m ad\u0131na size te\u015fekk\u00fcr\u00fc bir bor\u00e7 bilirim. <a href=\"https:\/\/twitter.com\/genclikbirligi?ref_src=twsrc%5Etfw\">@genclikbirligi<\/a><\/p>\n<p>CSA Digital <a href=\"https:\/\/t.co\/oO1L9btDIf\">pic.twitter.com\/oO1L9btDIf<\/a><\/p>\n<p>\u2014 Mustafa POLAT \ud83c\uddf9\ud83c\uddf7 (@trmustafapolat) <a href=\"https:\/\/twitter.com\/trmustafapolat\/status\/1830606116029665351?ref_src=twsrc%5Etfw\">September 2, 2024<\/a> <\/p>\n<p>The assailants were members of the nationalist Youth Union of T\u00fcrkiye (TGB), which is affiliated with the small Patriotic Party. <em>\u201cThe US soldiers who have the blood of our soldiers and thousands of Palestinians on their hands cannot pollute our country,\u201d<\/em> the party said in a statement on X (formerly Twitter).\u00a0<\/p>\n<p>        <span><strong>Read more<\/strong><\/span><\/p>\n<p>            <a href=\"https:\/\/www.rt.com\/news\/602268-turkiye-israel-genocide--case\/\">NATO member to join genocide case against Israel<\/a><\/p>\n<p>TGB Secretary General Aylin Kum told Euronews that the group had previously put sacks over the heads of American service members in six different cities. She said that the attacks were <em>\u201ca response\u201d<\/em> to the 2003 incident in Iraq, when US troops briefly detained Turkish commandos and transported them with hoods over their heads. The incident caused widespread outrage in T\u00fcrkiye at the time and put a strain on the relations between the countries.<\/p>\n<p>Although Ankara remains Washington\u2019s important ally in the region, the two NATO members have repeatedly clashed in recent years.<\/p>\n<p>Turkish President Recep Tayyip Erdogan has been a vocal critic of Israel\u2019s war in Gaza and launched incursions against US-allied Kurdish forces in Syria. The US, meanwhile, unsuccessfully pressured Ankara to scrap its deal to buy the S-400 air defense missile systems from Russia.<\/p>","protected":false},"excerpt":{"rendered":"<p>Two US Marines were attacked in the Turkish port city of Izmir on Monday Read Full Article at RT.com<\/p>\n","protected":false},"author":0,"featured_media":0,"comment_status":"open","ping_status":"open","sticky":false,"template":"","format":"standard","meta":{"om_disable_all_campaigns":false,"footnotes":""},"categories":[5],"tags":[],"class_list":["post-1268","post","type-post","status-publish","format-standard","has-post-thumbnail","hentry","category-top-news"],"yoast_head":"<!-- This site is optimized with the Yoast SEO plugin v27.2 - https:\/\/yoast.com\/product\/yoast-seo-wordpress\/ -->\n<title>US Marines attacked by mob in T\u00fcrkiye (VIDEO) - Leading the AI News Frontier<\/title>\n<meta name=\"robots\" content=\"index, follow, max-snippet:-1, max-image-preview:large, max-video-preview:-1\" \/>\n<link rel=\"canonical\" href=\"https:\/\/ainews.prativad.com\/index.php\/us-marines-attacked-by-mob-in-turkiye-video\/\" \/>\n<meta property=\"og:locale\" content=\"en_US\" \/>\n<meta property=\"og:type\" content=\"article\" \/>\n<meta property=\"og:title\" content=\"US Marines attacked by mob in T\u00fcrkiye (VIDEO) - Leading the AI News Frontier\" \/>\n<meta property=\"og:description\" content=\"Two US Marines were attacked in the Turkish port city of Izmir on Monday Read Full Article at RT.com\" \/>\n<meta property=\"og:url\" content=\"https:\/\/ainews.prativad.com\/index.php\/us-marines-attacked-by-mob-in-turkiye-video\/\" \/>\n<meta property=\"og:site_name\" content=\"Leading the AI News Frontier\" \/>\n<meta property=\"article:published_time\" content=\"2024-09-03T00:01:05+00:00\" \/>\n<meta name=\"twitter:card\" content=\"summary_large_image\" \/>\n<meta name=\"twitter:label1\" content=\"Est. reading time\" \/>\n\t<meta name=\"twitter:data1\" content=\"2 minutes\" \/>\n<script type=\"application\/ld+json\" class=\"yoast-schema-graph\">{\"@context\":\"https:\/\/schema.org\",\"@graph\":[{\"@type\":\"Article\",\"@id\":\"https:\/\/ainews.prativad.com\/index.php\/us-marines-attacked-by-mob-in-turkiye-video\/#article\",\"isPartOf\":{\"@id\":\"https:\/\/ainews.prativad.com\/index.php\/us-marines-attacked-by-mob-in-turkiye-video\/\"},\"author\":{\"name\":\"\",\"@id\":\"\"},\"headline\":\"US Marines attacked by mob in T\u00fcrkiye (VIDEO)\",\"datePublished\":\"2024-09-03T00:01:05+00:00\",\"mainEntityOfPage\":{\"@id\":\"https:\/\/ainews.prativad.com\/index.php\/us-marines-attacked-by-mob-in-turkiye-video\/\"},\"wordCount\":453,\"commentCount\":0,\"publisher\":{\"@id\":\"https:\/\/ainews.prativad.com\/#organization\"},\"articleSection\":[\"Top News\"],\"inLanguage\":\"en-US\",\"potentialAction\":[{\"@type\":\"CommentAction\",\"name\":\"Comment\",\"target\":[\"https:\/\/ainews.prativad.com\/index.php\/us-marines-attacked-by-mob-in-turkiye-video\/#respond\"]}]},{\"@type\":\"WebPage\",\"@id\":\"https:\/\/ainews.prativad.com\/index.php\/us-marines-attacked-by-mob-in-turkiye-video\/\",\"url\":\"https:\/\/ainews.prativad.com\/index.php\/us-marines-attacked-by-mob-in-turkiye-video\/\",\"name\":\"US Marines attacked by mob in T\u00fcrkiye (VIDEO) - Leading the AI News Frontier\",\"isPartOf\":{\"@id\":\"https:\/\/ainews.prativad.com\/#website\"},\"datePublished\":\"2024-09-03T00:01:05+00:00\",\"breadcrumb\":{\"@id\":\"https:\/\/ainews.prativad.com\/index.php\/us-marines-attacked-by-mob-in-turkiye-video\/#breadcrumb\"},\"inLanguage\":\"en-US\",\"potentialAction\":[{\"@type\":\"ReadAction\",\"target\":[\"https:\/\/ainews.prativad.com\/index.php\/us-marines-attacked-by-mob-in-turkiye-video\/\"]}]},{\"@type\":\"BreadcrumbList\",\"@id\":\"https:\/\/ainews.prativad.com\/index.php\/us-marines-attacked-by-mob-in-turkiye-video\/#breadcrumb\",\"itemListElement\":[{\"@type\":\"ListItem\",\"position\":1,\"name\":\"Home\",\"item\":\"https:\/\/ainews.prativad.com\/\"},{\"@type\":\"ListItem\",\"position\":2,\"name\":\"US Marines attacked by mob in T\u00fcrkiye (VIDEO)\"}]},{\"@type\":\"WebSite\",\"@id\":\"https:\/\/ainews.prativad.com\/#website\",\"url\":\"https:\/\/ainews.prativad.com\/\",\"name\":\"Leading the AI News Frontier\",\"description\":\"Empowering You with AI Intelligence\",\"publisher\":{\"@id\":\"https:\/\/ainews.prativad.com\/#organization\"},\"potentialAction\":[{\"@type\":\"SearchAction\",\"target\":{\"@type\":\"EntryPoint\",\"urlTemplate\":\"https:\/\/ainews.prativad.com\/?s={search_term_string}\"},\"query-input\":{\"@type\":\"PropertyValueSpecification\",\"valueRequired\":true,\"valueName\":\"search_term_string\"}}],\"inLanguage\":\"en-US\"},{\"@type\":\"Organization\",\"@id\":\"https:\/\/ainews.prativad.com\/#organization\",\"name\":\"Leading the AI News Frontier\",\"url\":\"https:\/\/ainews.prativad.com\/\",\"logo\":{\"@type\":\"ImageObject\",\"inLanguage\":\"en-US\",\"@id\":\"https:\/\/ainews.prativad.com\/#\/schema\/logo\/image\/\",\"url\":\"https:\/\/ainews.prativad.com\/wp-content\/uploads\/2024\/09\/AInews.png\",\"contentUrl\":\"https:\/\/ainews.prativad.com\/wp-content\/uploads\/2024\/09\/AInews.png\",\"width\":300,\"height\":72,\"caption\":\"Leading the AI News Frontier\"},\"image\":{\"@id\":\"https:\/\/ainews.prativad.com\/#\/schema\/logo\/image\/\"}}]}<\/script>\n<!-- \/ Yoast SEO plugin. -->","yoast_head_json":{"title":"US Marines attacked by mob in T\u00fcrkiye (VIDEO) - Leading the AI News Frontier","robots":{"index":"index","follow":"follow","max-snippet":"max-snippet:-1","max-image-preview":"max-image-preview:large","max-video-preview":"max-video-preview:-1"},"canonical":"https:\/\/ainews.prativad.com\/index.php\/us-marines-attacked-by-mob-in-turkiye-video\/","og_locale":"en_US","og_type":"article","og_title":"US Marines attacked by mob in T\u00fcrkiye (VIDEO) - Leading the AI News Frontier","og_description":"Two US Marines were attacked in the Turkish port city of Izmir on Monday Read Full Article at RT.com","og_url":"https:\/\/ainews.prativad.com\/index.php\/us-marines-attacked-by-mob-in-turkiye-video\/","og_site_name":"Leading the AI News Frontier","article_published_time":"2024-09-03T00:01:05+00:00","twitter_card":"summary_large_image","twitter_misc":{"Est. reading time":"2 minutes"},"schema":{"@context":"https:\/\/schema.org","@graph":[{"@type":"Article","@id":"https:\/\/ainews.prativad.com\/index.php\/us-marines-attacked-by-mob-in-turkiye-video\/#article","isPartOf":{"@id":"https:\/\/ainews.prativad.com\/index.php\/us-marines-attacked-by-mob-in-turkiye-video\/"},"author":{"name":"","@id":""},"headline":"US Marines attacked by mob in T\u00fcrkiye (VIDEO)","datePublished":"2024-09-03T00:01:05+00:00","mainEntityOfPage":{"@id":"https:\/\/ainews.prativad.com\/index.php\/us-marines-attacked-by-mob-in-turkiye-video\/"},"wordCount":453,"commentCount":0,"publisher":{"@id":"https:\/\/ainews.prativad.com\/#organization"},"articleSection":["Top News"],"inLanguage":"en-US","potentialAction":[{"@type":"CommentAction","name":"Comment","target":["https:\/\/ainews.prativad.com\/index.php\/us-marines-attacked-by-mob-in-turkiye-video\/#respond"]}]},{"@type":"WebPage","@id":"https:\/\/ainews.prativad.com\/index.php\/us-marines-attacked-by-mob-in-turkiye-video\/","url":"https:\/\/ainews.prativad.com\/index.php\/us-marines-attacked-by-mob-in-turkiye-video\/","name":"US Marines attacked by mob in T\u00fcrkiye (VIDEO) - Leading the AI News Frontier","isPartOf":{"@id":"https:\/\/ainews.prativad.com\/#website"},"datePublished":"2024-09-03T00:01:05+00:00","breadcrumb":{"@id":"https:\/\/ainews.prativad.com\/index.php\/us-marines-attacked-by-mob-in-turkiye-video\/#breadcrumb"},"inLanguage":"en-US","potentialAction":[{"@type":"ReadAction","target":["https:\/\/ainews.prativad.com\/index.php\/us-marines-attacked-by-mob-in-turkiye-video\/"]}]},{"@type":"BreadcrumbList","@id":"https:\/\/ainews.prativad.com\/index.php\/us-marines-attacked-by-mob-in-turkiye-video\/#breadcrumb","itemListElement":[{"@type":"ListItem","position":1,"name":"Home","item":"https:\/\/ainews.prativad.com\/"},{"@type":"ListItem","position":2,"name":"US Marines attacked by mob in T\u00fcrkiye (VIDEO)"}]},{"@type":"WebSite","@id":"https:\/\/ainews.prativad.com\/#website","url":"https:\/\/ainews.prativad.com\/","name":"Leading the AI News Frontier","description":"Empowering You with AI Intelligence","publisher":{"@id":"https:\/\/ainews.prativad.com\/#organization"},"potentialAction":[{"@type":"SearchAction","target":{"@type":"EntryPoint","urlTemplate":"https:\/\/ainews.prativad.com\/?s={search_term_string}"},"query-input":{"@type":"PropertyValueSpecification","valueRequired":true,"valueName":"search_term_string"}}],"inLanguage":"en-US"},{"@type":"Organization","@id":"https:\/\/ainews.prativad.com\/#organization","name":"Leading the AI News Frontier","url":"https:\/\/ainews.prativad.com\/","logo":{"@type":"ImageObject","inLanguage":"en-US","@id":"https:\/\/ainews.prativad.com\/#\/schema\/logo\/image\/","url":"https:\/\/ainews.prativad.com\/wp-content\/uploads\/2024\/09\/AInews.png","contentUrl":"https:\/\/ainews.prativad.com\/wp-content\/uploads\/2024\/09\/AInews.png","width":300,"height":72,"caption":"Leading the AI News Frontier"},"image":{"@id":"https:\/\/ainews.prativad.com\/#\/schema\/logo\/image\/"}}]}},"_links":{"self":[{"href":"https:\/\/ainews.prativad.com\/index.php\/wp-json\/wp\/v2\/posts\/1268","targetHints":{"allow":["GET"]}}],"collection":[{"href":"https:\/\/ainews.prativad.com\/index.php\/wp-json\/wp\/v2\/posts"}],"about":[{"href":"https:\/\/ainews.prativad.com\/index.php\/wp-json\/wp\/v2\/types\/post"}],"replies":[{"embeddable":true,"href":"https:\/\/ainews.prativad.com\/index.php\/wp-json\/wp\/v2\/comments?post=1268"}],"version-history":[{"count":0,"href":"https:\/\/ainews.prativad.com\/index.php\/wp-json\/wp\/v2\/posts\/1268\/revisions"}],"wp:attachment":[{"href":"https:\/\/ainews.prativad.com\/index.php\/wp-json\/wp\/v2\/media?parent=1268"}],"wp:term":[{"taxonomy":"category","embeddable":true,"href":"https:\/\/ainews.prativad.com\/index.php\/wp-json\/wp\/v2\/categories?post=1268"},{"taxonomy":"post_tag","embeddable":true,"href":"https:\/\/ainews.prativad.com\/index.php\/wp-json\/wp\/v2\/tags?post=1268"}],"curies":[{"name":"wp","href":"https:\/\/api.w.org\/{rel}","templated":true}]}}